{"id":218273,"date":"2023-03-31T11:08:24","date_gmt":"2023-03-31T09:08:24","guid":{"rendered":"https:\/\/www.noitech.net\/?p=218273"},"modified":"2023-08-02T12:33:09","modified_gmt":"2023-08-02T10:33:09","slug":"7-secondi-grafica-branding-aziendale-e-branded-content","status":"publish","type":"post","link":"https:\/\/www.noitech.net\/es\/graficos-de-marca-corporativa-y-contenido-de-marca-en-7-segundos\/","title":{"rendered":"7 segundos \u2013 Gr\u00e1ficos, Branding Corporativo y Branded Content"},"content":{"rendered":"<p>Crear una percepci\u00f3n visual positiva de la marca y diferenciarla de la competencia.<\/p>\n\n\n\n<p>Hoy en d\u00eda, todas las empresas saben que centrarse en una imagen inmediatamente reconocible es fundamental. Es la l\u00f3gica del marketing en la era digital la que lo dicta.<\/p>\n\n\n\n<p>Dentro de esta din\u00e1mica, podr\u00edamos decir, <strong>la imagen importa<\/strong> y el vestido <em>hace<\/em> el monje.<\/p>\n\n\n\n<p>As\u00ed que hablemos de <strong>Gr\u00e1ficos<\/strong> Y <strong>Marca corporativa<\/strong>, perch\u00e9 identit\u00e0 visiva e reputazione dell&#8217;azienda sono due elementi fondamentali per il successo dell&#8217;attivit\u00e0. E a questi concetti affiancheremo la definizione di alcuni mezzi pi\u00f9 potenti a disposizione delle aziende, figli proprio della fusione delle competenze necessarie nei due ambiti citati: i <strong>Contenido de marca<\/strong>.&nbsp;<\/p>\n\n\n\n<p>Un&#8217;immagine coerente e riconoscibile, infatti, \u00e8 indispensabile se si punta a <strong>distinguere l&#8217;azienda dalla concorrenza<\/strong> e a creare un legame emotivo con il cliente, aumentando la fedelt\u00e0 e la reputazione dell&#8217;azienda.<\/p>\n\n\n\n<p>Adem\u00e1s, en un mundo cada vez m\u00e1s digitalizado, el cuidado dise\u00f1o de la gr\u00e1fica corporativa y del branding es el punto de partida para la creaci\u00f3n de sitios web y <a href=\"https:\/\/www.noitech.net\/es\/como-aprovechar-al-maximo-tu-marketing-en-redes-sociales\/\">presencias sociales efectivas<\/a>, que a menudo son los <strong>primer punto de contacto<\/strong> dell&#8217;utente con l&#8217;azienda.<\/p>\n\n\n\n<h2 class=\"wp-block-heading\">gr\u00e1fica corporativa<\/h2>\n\n\n\n<p>Il riferimento \u00e8 alla creazione di tutti gli elementi visivi che rappresentano l&#8217;identit\u00e0 dell&#8217;azienda, come il logo, i colori, i font, le immagini e i pattern.<\/p>\n\n\n\n<p>Todos los elementos visuales que deben ser <strong>coherente y reconocible<\/strong> in ogni aspetto dell&#8217;attivit\u00e0 dell&#8217;azienda, dalla carta intestata alla pubblicit\u00e0, dai packaging ai siti web, dalle brochure alle piattaforme social.<\/p>\n\n\n\n<p>Para crear gr\u00e1ficos corporativos efectivos, es importante seguir un proceso <strong>dise\u00f1o<\/strong> che prevede la definizione dell&#8217;identit\u00e0 visiva dell&#8217;azienda, l&#8217;analisi del mercato e della concorrenza, lo sviluppo di concept creativi, la scelta di colori, font e immagini, e infine la realizzazione del logo e dei materiali grafici.<\/p>\n\n\n\n<p>Inoltre, la grafica aziendale deve essere costantemente aggiornata e adattata alle esigenze dell&#8217;azienda e del mercato, in modo da mantenere l&#8217;identit\u00e0 visiva al passo con i tempi e le tendenze. Questo comprende operazioni di <a href=\"https:\/\/www.noitech.net\/es\/rediseno-del-sitio-web-wordpress\/\">redise\u00f1o del sitio web<\/a>, plantillas de empresa, packaging etc\u2026<\/p>\n\n\n\n<h2 class=\"wp-block-heading\">Marca corporativa<\/h2>\n\n\n\n<p>Con questo termine intendiamo l&#8217;insieme delle attivit\u00e0 operative e strategiche che riguardano <strong>la gesti\u00f3n y consolidaci\u00f3n de una marca en el mercado<\/strong>.<\/p>\n\n\n\n<p>Si tratta di un processo che coinvolge diversi ambiti, come la definizione della mission, dei valori dell&#8217;azienda e del suo posizionamento sul mercato. Elementi ai quali \u00e8 conseguentemente necessario abbinare la creazione di un&#8217;identit\u00e0 visiva e verbale riconoscibile e differenziante.<\/p>\n\n\n\n<p>E a tutto ci\u00f2 si aggiunge anche l\u2019attenzione all&#8217;<strong>experiencia<\/strong> <strong>cliente<\/strong>, curando tutti i punti di contatto dell&#8217;utente con l&#8217;azienda: dal sito web al servizio clienti, passando per la comunicazione pubblicitaria e il packaging.<\/p>\n\n\n\n<p>En t\u00e9rminos concretos, la <strong>marca corporativa<\/strong> requiere la producci\u00f3n de <strong>contenido de marca<\/strong>, es decir, contenidos en los que confluyen todas las habilidades necesarias para crear la imagen de la empresa y su branding.&nbsp;<\/p>\n\n\n\n<h2 class=\"wp-block-heading\">Contenido de marca<\/h2>\n\n\n\n<p>\u00bfCu\u00e1les son? El contenido de marca es contenido <strong>calidad<\/strong>, creati da un&#8217;azienda con l&#8217;obiettivo di promuovere il proprio marchio in modo discreto e non invasivo.<\/p>\n\n\n\n<p>El t\u00e9rmino indica una forma de comunicaci\u00f3n de marketing que<strong> no se limita a la publicidad tradicional<\/strong>, pero se centra en crear contenido interesante, informativo y \u00fatil para el p\u00fablico objetivo.<\/p>\n\n\n\n<p>En este caso, algunos contenidos de marca tambi\u00e9n pueden ser herramientas muy \u00fatiles. <a href=\"https:\/\/www.noitech.net\/es\/como-hacer-la-generacion-de-leads-para-el-comercio-e\/\"><strong>generaci\u00f3n l\u00edder<\/strong><\/a>, actuando como <a href=\"https:\/\/www.noitech.net\/es\/como-hacer-la-generacion-de-leads-para-el-comercio-e\/#Lead_Magnet\">imanes de plomo<\/a>.<\/p>\n\n\n\n<p>L&#8217;obiettivo \u00e8 quello di coinvolgere i consumatori in un&#8217;esperienza positiva, attraverso la creazione di contenuti che siano rilevanti e interessanti per il loro stile di vita o le loro esigenze.<\/p>\n\n\n\n<p>Sin embargo, la piedra angular de todo el trabajo de dise\u00f1ar el contenido de marca m\u00e1s eficaz es la <strong>implicaci\u00f3n emocional<\/strong>. De hecho, el dise\u00f1o cuidadoso del contenido de marca puede marcar la diferencia en t\u00e9rminos de <strong>compromiso de marca<\/strong>.<\/p>\n\n\n\n<p>Aqu\u00ed tienes 5 de los ejemplos m\u00e1s famosos en este sentido:<\/p>\n\n\n\n<p><strong><em>Coca-Cola y Navidad<\/em><\/strong> &#8211; Coca-Cola ha creato una serie di pubblicit\u00e0 che celebrano il Natale, presentando la sua bevanda come il complemento perfetto per il periodo;<\/p>\n\n\n\n<p><strong><em>Red Bull y los deportes extremos <\/em><\/strong>&#8211; Red Bull ha creato una serie di contenuti che promuovono gli sport estremi, presentando spesso atleti che utilizzano la bevanda come fonte di energia per le loro imprese.<\/p>\n\n\n\n<p><strong><em>Nike y los atletas <\/em><\/strong>&#8211; Nike ha creato una serie di video che raccontano le storie degli atleti che utilizzano i loro prodotti, raccontando la loro esperienza e come il marchio Nike li abbia aiutati a raggiungere il successo.<\/p>\n\n\n\n<p><strong><em>Airbnb y experiencias<\/em><\/strong> &#8211; Airbnb ha creato una sezione del suo sito web dedicata alle esperienze locali, che presenta spesso foto e video, con l&#8217;obiettivo di far vivere ai potenziali clienti le stesse esperienze in prima persona.<\/p>\n\n\n\n<p><strong><em>Dove e l&#8217;autostima<\/em><\/strong> &#8211; Dove ha creato una serie di video e pubblicit\u00e0 che promuovono l&#8217;autostima delle donne, promuovendo i suoi prodotti per la cura del corpo come parte di questo messaggio.<\/p>\n\n\n\n<h2 class=\"gb-headline gb-headline-185a2128 gb-headline-text\"><strong><em>\u201cNo existe una segunda oportunidad para dar una buena primera impresi\u00f3n\u201d<\/em><\/strong><\/h2>\n\n\n\n<p>\u00bfConoces la regla de los 7 segundos?<\/p>\n\n\n\n<p>Nunca se ha teorizado, pero los expertos en el tema coinciden en que un producto y por ende todo trabajo de publicidad y branding, para ser efectivo, debe ser capaz de dar en el blanco en los primeros 7 segundos.<\/p>\n\n\n\n<p>Es un tiempo indicativo, sin duda, pero calculado sobre la base de <strong>estudios e investigaciones de mercado<\/strong> realizado ad hoc, que demostr\u00f3 c\u00f3mo los usuarios tienen baja capacidad de atenci\u00f3n y concentraci\u00f3n cuando se trata de publicidad.&nbsp;<\/p>\n\n\n\n<p>Un fen\u00f3meno que se agudiza sobre todo cuando el objetivo es mediar mensajes y vender productos a trav\u00e9s de canales digitales, especialmente los digitales. <a href=\"https:\/\/www.noitech.net\/es\/como-aprovechar-al-maximo-tu-marketing-en-redes-sociales\/\">social<\/a>, donde los contenidos son cada vez m\u00e1s limitados y apuntan a la inmediatez.<\/p>\n\n\n\n<p>La culpa es de la l\u00f3gica del &quot;scrolling&quot; y del deseo de alimentar a los usuarios con contenidos de uso r\u00e1pido, que pueden ser desechados en pocos segundos si no se consideran interesantes, precisamente, en los primeros segundos de visualizaci\u00f3n.<\/p>\n\n\n\n<p>Por esta raz\u00f3n, los gr\u00e1ficos corporativos y el branding deben dise\u00f1arse con conocimiento de causa. <strong>catturare immediatamente l&#8217;attenzione dei potenziali clienti<\/strong>y comunicar el mensaje principal de forma clara y directa.<\/p>\n\n\n\n<p>No hace falta decir que el dise\u00f1o de gr\u00e1ficos, branding y branded content de toda empresa debe confiarse a <strong>profesionales<\/strong> que se ocupan de estas actividades multidisciplinares. Desde dise\u00f1ador gr\u00e1fico hasta brand manager, desde redactor publicitario hasta anunciantes, dependiendo de las necesidades espec\u00edficas de cada empresa.<\/p>\n\n\n\n<p><strong>Un equipo que en Noitech podemos poner a disposici\u00f3n de todo aquel que quiera invertir productivamente en este contexto.<\/strong><\/p>\n\n\n\n<p><strong>No dudes en contactarnos, porque esos 7 segundos no vuelven dos veces.<\/strong><\/p>","protected":false},"excerpt":{"rendered":"<p>\u201cNon c\u2019\u00e8 una seconda occasione per fare una buona prima impressione\u201d. Per questo motivo, grafica e branding aziendale devono essere progettati per catturare immediatamente l&#8217;attenzione <\/p>","protected":false},"author":1,"featured_media":218274,"comment_status":"closed","ping_status":"closed","sticky":false,"template":"","format":"standard","meta":{"footnotes":""},"categories":[2],"tags":[],"class_list":["post-218273","post","type-post","status-publish","format-standard","has-post-thumbnail","hentry","category-blog","no-featured-image-padding","resize-featured-image"],"_links":{"self":[{"href":"https:\/\/www.noitech.net\/es\/wp-json\/wp\/v2\/posts\/218273","targetHints":{"allow":["GET"]}}],"collection":[{"href":"https:\/\/www.noitech.net\/es\/wp-json\/wp\/v2\/posts"}],"about":[{"href":"https:\/\/www.noitech.net\/es\/wp-json\/wp\/v2\/types\/post"}],"author":[{"embeddable":true,"href":"https:\/\/www.noitech.net\/es\/wp-json\/wp\/v2\/users\/1"}],"replies":[{"embeddable":true,"href":"https:\/\/www.noitech.net\/es\/wp-json\/wp\/v2\/comments?post=218273"}],"version-history":[{"count":3,"href":"https:\/\/www.noitech.net\/es\/wp-json\/wp\/v2\/posts\/218273\/revisions"}],"predecessor-version":[{"id":219846,"href":"https:\/\/www.noitech.net\/es\/wp-json\/wp\/v2\/posts\/218273\/revisions\/219846"}],"wp:featuredmedia":[{"embeddable":true,"href":"https:\/\/www.noitech.net\/es\/wp-json\/wp\/v2\/media\/218274"}],"wp:attachment":[{"href":"https:\/\/www.noitech.net\/es\/wp-json\/wp\/v2\/media?parent=218273"}],"wp:term":[{"taxonomy":"category","embeddable":true,"href":"https:\/\/www.noitech.net\/es\/wp-json\/wp\/v2\/categories?post=218273"},{"taxonomy":"post_tag","embeddable":true,"href":"https:\/\/www.noitech.net\/es\/wp-json\/wp\/v2\/tags?post=218273"}],"curies":[{"name":"wp","href":"https:\/\/api.w.org\/{rel}","templated":true}]}}