{"id":218370,"date":"2023-04-28T10:25:01","date_gmt":"2023-04-28T08:25:01","guid":{"rendered":"https:\/\/www.noitech.net\/?p=218370"},"modified":"2023-05-03T10:02:47","modified_gmt":"2023-05-03T08:02:47","slug":"218370-2","status":"publish","type":"post","link":"https:\/\/www.noitech.net\/es\/218370-2\/","title":{"rendered":"Noitech protagonista en el Dublin Tech Summit 2023"},"content":{"rendered":"<p>En la capital irlandesa, para la edici\u00f3n 2023 del prestigioso <a href=\"https:\/\/dublintechsummit.tech\/\" target=\"_blank\" rel=\"noopener\"><strong>Cumbre tecnol\u00f3gica de Dubl\u00edn<\/strong><\/a>, Noitech estar\u00e1 all\u00ed.<\/p>\n\n\n\n<p>Nos complace anunciar nuestra participaci\u00f3n en el principal evento anual que tendr\u00e1 lugar en Dubl\u00edn, en la Royal Dublin Society, del 31 de mayo al 1 de junio de 2023.<\/p>\n\n\n\n<p>Una presencia, la nuestra, que ha sido favorecida una vez m\u00e1s por la Agencia ICE, de <strong>ITA \u2013 Agencia Italiana de Comercio,<\/strong> con lo que hoy hemos consolidado una alianza rentable que nos est\u00e1 permitiendo participar en los eventos internacionales m\u00e1s prestigiosos.<\/p>\n\n\n\n<p>Esta vez, por tanto, volamos a Irlanda, donde nos esperar\u00e1 la Dublin Tech Summit 2023 de dos d\u00edas de duraci\u00f3n.<\/p>\n\n\n\n<p>A la audiencia internacional de participantes, incluidas startups, inversores y medios de comunicaci\u00f3n, mostraremos una vez m\u00e1s todas nuestras soluciones tecnol\u00f3gicas avanzadas para <a href=\"https:\/\/www.noitech.net\/es\/transformacion-digital-si-y-si\/\"><strong>transformaci\u00f3n digital<\/strong><\/a>, e ilustraremos la revoluci\u00f3n de nuestro <a href=\"https:\/\/www.todrobot.com\/\" target=\"_blank\" rel=\"noopener\"><strong>todrobot TR1<\/strong><\/a> Para el <strong>log\u00edstica 4.0<\/strong>.<\/p>\n\n\n\n<h2 class=\"gb-headline gb-headline-a783e1d2 gb-headline-text\"><strong>\u00bfQu\u00e9 es Dublin Tech Summit y qu\u00e9 esperar?&nbsp;<\/strong><\/h2>\n\n\n\n<p><strong>Cumbre tecnol\u00f3gica de Dubl\u00edn<\/strong> (DTS) es un importante evento internacional que se encuentra en el centro de la escena tecnol\u00f3gica global.<\/p>\n\n\n\n<p>Dubl\u00edn, <strong>entre los centros tecnol\u00f3gicos m\u00e1s activos del mundo,<\/strong> de hecho, se ha convertido en la base de EMEA para algunas de las mayores empresas tecnol\u00f3gicas mundiales.&nbsp;<\/p>\n\n\n\n<p>As\u00ed, en los \u00faltimos 6 a\u00f1os, DTS se ha consolidado como <strong>uno de los eventos tecnol\u00f3gicos B2B de m\u00e1s r\u00e1pido crecimiento en Europa<\/strong>.<\/p>\n\n\n\n<p>\u00bfSu objetivo? Reuniendo a la comunidad internacional de innovadores, l\u00edderes de opini\u00f3n e influyentes, una vez m\u00e1s, en la ubicaci\u00f3n m\u00e1s prestigiosa de Dubl\u00edn, el <strong>Arena de la Sociedad Real de Dubl\u00edn<\/strong>.<\/p>\n\n\n\n<p>Los n\u00fameros hablan claro. Para la edici\u00f3n 2023 se espera lo siguiente:<\/p>\n\n\n\n<ul class=\"wp-block-list\">\n<li><strong>8000+<\/strong> Participantes;<\/li>\n\n\n\n<li><strong>200+<\/strong> Oradores internacionales;<\/li>\n\n\n\n<li><strong>60 <\/strong>Pa\u00edses representados;<\/li>\n\n\n\n<li><strong>150+<\/strong> Inauguraci\u00f3n;<\/li>\n\n\n\n<li><strong>80 <\/strong>Socios Corporativos;<\/li>\n\n\n\n<li><strong>200+<\/strong> Medios globales.<\/li>\n<\/ul>\n\n\n\n<h2 class=\"gb-headline gb-headline-4368c44f gb-headline-text\"><strong>\u00bfPor qu\u00e9 participamos?<\/strong><\/h2>\n\n\n\n<p>Secondo gli ultimi dati rilevati, in Irlanda si riscontra la maggiore disponibilit\u00e0 pro-capite di fondi per l&#8217;avvio di startup.<\/p>\n\n\n\n<p>Dubl\u00edn, como el <strong>Silicon Valley<\/strong>. por tanto, se ha convertido en sin\u00f3nimo de innovaci\u00f3n. De hecho, en la capital irlandesa residen algunas de las empresas internacionales m\u00e1s importantes, como <strong>Facebook<\/strong>, <strong>Google <\/strong>Y <strong>LinkedIn<\/strong>.<\/p>\n\n\n\n<p>Grazie al sostegno dello Stato, che finanzia gli acceleratori e garantisce un\u2019aliquota per le imprese ferma al 12,5%, l&#8217;Irlanda \u00e8 diventata il principale hub innovativo in settori come il <strong>tecnolog\u00eda m\u00e9dica<\/strong>, el <strong>rob\u00f3tica<\/strong>, y el <strong>la seguridad cibern\u00e9tica<\/strong>.<\/p>\n\n\n\n<p>El <strong>Cumbre tecnol\u00f3gica de Dubl\u00edn<\/strong>, nato nel 2017, \u00e8 quindi diventato in pochi anni l&#8217;evento tech pi\u00f9 grande dell&#8217;Irlanda tanto da essere nominato &#8220;Europe&#8217;s fastest growing tech conference&#8221;.<\/p>\n\n\n\n<p>yo<strong>La iniciativa est\u00e1 dedicada principalmente a startups y pymes innovadoras.<\/strong> e si concentra su tutti gli aspetti della tecnologia e su come l&#8217;innovazione influenzi continuamente il mondo che ci circonda.<\/p>\n\n\n\n<h2 class=\"gb-headline gb-headline-b3836ce0 gb-headline-text\"><strong>La oportunidad de la Agencia ICE<\/strong><\/h2>\n\n\n\n<p>L&#8217;ICE-Agenzia, al Dublin Tech Summit, organizzer\u00e0 la presenza italiana in uno spazio di circa 50 mq che sar\u00e0 allestito con postazioni personalizzate in open space.<\/p>\n\n\n\n<p>Una oportunidad que aprovechamos, transmitiendo nuestra solicitud y obteniendo la aprobaci\u00f3n de la Agencia.<\/p>\n\n\n\n<p>La participaci\u00f3n a trav\u00e9s del ICE, por lo tanto, nos asegurar\u00e1;<\/p>\n\n\n\n<ul class=\"wp-block-list\">\n<li>estaci\u00f3n de trabajo con personalizaci\u00f3n empresarial;<\/li>\n\n\n\n<li>inserimento del logo aziendale sul sito ufficiale e sull&#8217;app della manifestazione;&nbsp;<\/li>\n\n\n\n<li>invitaciones para <strong>Fiesta Visi\u00f3n X<\/strong>;&nbsp;<\/li>\n\n\n\n<li>posibilidad de cargar <strong>P\u00e1gina de Visi\u00f3n X<\/strong> un video de 90 segundos;&nbsp;<\/li>\n\n\n\n<li>oportunidad de participar en <strong>Concurso Visi\u00f3n X<\/strong>:&nbsp;<\/li>\n\n\n\n<li>networking tramite l&#8217;App del DTS;<\/li>\n\n\n\n<li>promoci\u00f3n de la EDE en las redes sociales;<\/li>\n<\/ul>\n\n\n\n<p><strong>\u00a1Esperamos verlo en Irlanda, del 31 de mayo al 1 de junio, para la Cumbre Tecnol\u00f3gica de Dubl\u00edn!<\/strong><\/p>","protected":false},"excerpt":{"rendered":"<p>Nella capitale irlandese, per l\u2019edizione 2023 del prestigioso Dublin Tech Summit, Noitech ci sar\u00e0. Siamo lieti di annunciare la nostra partecipazione al grande evento annuale che si svolger\u00e0 a Dublino, presso la Royal Dublin Society, dal 31 maggio al 1 &#8230; <\/p>\n<p class=\"read-more-container\"><a title=\"Noitech protagonista en el Dublin Tech Summit 2023\" class=\"read-more button\" href=\"https:\/\/www.noitech.net\/es\/218370-2\/#more-218370\" aria-label=\"M\u00e1s en Noitech protagonista al Dublin Tech Summit 2023\">Leer m\u00e1s<\/a><\/p>","protected":false},"author":1,"featured_media":218395,"comment_status":"closed","ping_status":"closed","sticky":false,"template":"","format":"standard","meta":{"footnotes":""},"categories":[1],"tags":[],"class_list":["post-218370","post","type-post","status-publish","format-standard","has-post-thumbnail","hentry","category-news","no-featured-image-padding","resize-featured-image"],"_links":{"self":[{"href":"https:\/\/www.noitech.net\/es\/wp-json\/wp\/v2\/posts\/218370","targetHints":{"allow":["GET"]}}],"collection":[{"href":"https:\/\/www.noitech.net\/es\/wp-json\/wp\/v2\/posts"}],"about":[{"href":"https:\/\/www.noitech.net\/es\/wp-json\/wp\/v2\/types\/post"}],"author":[{"embeddable":true,"href":"https:\/\/www.noitech.net\/es\/wp-json\/wp\/v2\/users\/1"}],"replies":[{"embeddable":true,"href":"https:\/\/www.noitech.net\/es\/wp-json\/wp\/v2\/comments?post=218370"}],"version-history":[{"count":2,"href":"https:\/\/www.noitech.net\/es\/wp-json\/wp\/v2\/posts\/218370\/revisions"}],"predecessor-version":[{"id":218376,"href":"https:\/\/www.noitech.net\/es\/wp-json\/wp\/v2\/posts\/218370\/revisions\/218376"}],"wp:featuredmedia":[{"embeddable":true,"href":"https:\/\/www.noitech.net\/es\/wp-json\/wp\/v2\/media\/218395"}],"wp:attachment":[{"href":"https:\/\/www.noitech.net\/es\/wp-json\/wp\/v2\/media?parent=218370"}],"wp:term":[{"taxonomy":"category","embeddable":true,"href":"https:\/\/www.noitech.net\/es\/wp-json\/wp\/v2\/categories?post=218370"},{"taxonomy":"post_tag","embeddable":true,"href":"https:\/\/www.noitech.net\/es\/wp-json\/wp\/v2\/tags?post=218370"}],"curies":[{"name":"wp","href":"https:\/\/api.w.org\/{rel}","templated":true}]}}